{"id":2978,"date":"2019-07-22T23:04:10","date_gmt":"2019-07-22T23:04:10","guid":{"rendered":"https:\/\/portugalbiketours.com\/?p=2978"},"modified":"2025-11-20T04:11:24","modified_gmt":"2025-11-20T04:11:24","slug":"as-mais-belas-estradas-da-volta-a-portugal","status":"publish","type":"post","link":"https:\/\/portugalbiketours.com\/pt-pt\/as-mais-belas-estradas-da-volta-a-portugal\/","title":{"rendered":"AS MAIS BELAS ESTRADAS DA VOLTA A PORTUGAL"},"content":{"rendered":"<p><strong>A &#8220;Grand Boucle&#8221; Portuguesa, a &#8220;Volta a Portugal&#8221; \u00e9 a prova de ciclismo de estrada com maior dura\u00e7\u00e3o e import\u00e2ncia no nosso pa\u00eds. \u00c9 uma corrida lend\u00e1ria para todos os f\u00e3s de ciclismo Portugueses e, para n\u00f3s, uma fonte de inspira\u00e7\u00e3o para desenhar nova tours de bicicleta em Portugal. Aqui ficam algumas das nossas estradsa favoritas usadas na Volta deste ano.\u00a0<\/strong><\/p>\n<p>A\u00a0<a href=\"https:\/\/www.volta-portugal.com\/\" target=\"_blank\" rel=\"noopener noreferrer\">Volta a Portugal<\/a>\u00a0\u00e9 o\u00a0<em>ex-libris<\/em>\u00a0do ciclismo portugu\u00eas. Numa escala mais pequena, mas n\u00e3o menos<br \/>\nimportante a n\u00edvel nacional, a Volta est\u00e1 para Portugal como o Tour est\u00e1 para Fran\u00e7a, o Giro para<br \/>\nIt\u00e1lia e a Vuelta para Espanha.<\/p>\n<p>Conhecida internacionalmente por \u2018Grand\u00edssima\u2019, este apelido nasceu na vizinha Espanha e gra\u00e7as a<br \/>\num corredor em particular, Pablo Lastras, actual director da Movistar Team. Os mais reconhecidos<br \/>\ncorredores internacionais pedalaram a seu tempo a Volta a Portugal. Habituados \u00e0s mais importantes<br \/>\ne intensas provas do ciclismo mundial, como o caso das tr\u00eas grandes voltas, os corredores<br \/>\nchegavam a Portugal sem grande no\u00e7\u00e3o da dificuldade que iriam enfrentar na prova lusa.<\/p>\n<p>O ritmo a que se corria e as altas temperaturas, para al\u00e9m da dureza de m\u00edticas subidas como o Alto<br \/>\nda Torre e a Sra. da Gra\u00e7a, surpreendiam os mais incautos. Mas n\u00e3o Lastras, que enquanto corredor<br \/>\nna equipa Banesto conseguiu sair vitorioso de uma etapa em 1999, mais precisamente a 12\u00aa na<br \/>\nchegada a \u00c1gueda. Posteriormente a essa vit\u00f3ria, e ap\u00f3s vencer a 18\u00aa etapa do Tour de France, na<br \/>\nchegada a Saint Maixent l\u2019Ecole, um jornalista perguntou-lhe o que sentia por alcan\u00e7ar triunfos nas<br \/>\ntr\u00eas grandes voltas, ao que Lastras respondeu: \u201cEst\u00e1 a esquecer a Grand\u00edssima! Tamb\u00e9m j\u00e1 ganhei<br \/>\numa etapa na Volta a Portugal.\u201d E assim ficou conhecida a Volta at\u00e9 aos dias de hoje, como a quarta<br \/>\ngrande volta, a \u2018Grand\u00edssima\u2019. Que nos serviu tamb\u00e9m como inspira\u00e7\u00e3o para desenhar a nossa grande volta, o &#8220;<a href=\"https:\/\/portugalbiketours.com\/pt\/llr\/portugal-cycling-tours\/pt-gt-portugal-grand-tour\" target=\"_blank\" rel=\"noopener noreferrer\">PT-GT &#8211; Portugal Grand Tour<\/a>&#8220;,\u00a0uma experi\u00eancia inesquec\u00edvel para os amantes do ciclismo\u00a0de estrada.<\/p>\n<p>Ano ap\u00f3s ano, a Volta a Portugal tenta reinventar-se dentro das suas limita\u00e7\u00f5es, tentando cativar o<br \/>\np\u00fablico para aquela que \u00e9 a prova rainha do calend\u00e1rio portugu\u00eas de ciclismo de estrada. Assim<br \/>\nsendo, uma das particularidades trazidas em 2019 \u00e9 o regresso da Volta \u00e0 Avenida dos Aliados, ap\u00f3s<br \/>\n30 anos de aus\u00eancia. Este regresso est\u00e1 marcado para o desfecho da 81\u00aa edi\u00e7\u00e3o, na 10\u00aa etapa, que<br \/>\nir\u00e1 ligar Vila Nova de Gaia ao Porto.<\/p>\n<h3>ETAPA 10 \u2013 VILA NOVA DE GAIA \/ PORTO<\/h3>\n<p>Como cen\u00e1rio, o pelot\u00e3o ter\u00e1 o id\u00edlico Rio Douro a banhar as duas margens, a paisagem do Douro<br \/>\nVinhateiro classificada de Patrim\u00f3nio Mundial, passando ao longo do percurso pela Ponte do Infante,<br \/>\nbaptizada em honra do Infante D. Henrique e inaugurada em 2003 para unir a zona das Fonta\u00ednhas a<br \/>\nOliveira do Douro. Pelo caminho, os her\u00f3is das bicicletas ir\u00e3o deparar-se com a Ponte D. Lu\u00eds, mais<br \/>\nantiga, inaugurada em 1886 e idealizada pelo engenheiro belga Th\u00e9ophile Seyrig, colaborador do<br \/>\nGustave Eiffel, conhecido \u2018pai\u2019 da francesa Torre Eiffel. Pela Rua dos Cl\u00e9rigos ir\u00e3o pedalar sob o<br \/>\ncaracter\u00edstico empedrado com a imponente Torre e Igreja dos Cl\u00e9rigos de vigia e ladeados pelos<br \/>\npr\u00e9dios revestidos da tradicional azulejaria portuguesa.<\/p>\n<p>O percurso da Volta cruza-se assim com alguns dos cen\u00e1rios da nossa <a href=\"https:\/\/portugalbiketours.com\/pt\/llr\/portugal-cycling-tours\/porto-douro-river-tour-bike\" target=\"_blank\" rel=\"noopener noreferrer\">bike tour no Douro<\/a>, numa<br \/>\nviagem a duas rodas atrav\u00e9s do conhecimento e da mistura de delicados aromas e sabores. Esta<br \/>\nregi\u00e3o \u00e9 composta de uma enorme riqueza cultural e natural, desde as famosas Caves do Vinho do<br \/>\nPorto, em Vila Nova de Gaia, passando pelo Museu do Douro, em Peso da R\u00e9gua, no qual h\u00e1 todo<br \/>\num mundo a descobrir sobre o vinho e as tradi\u00e7\u00f5es seculares a si ligadas, desde a vindima aos<br \/>\nutens\u00edlios usados, as paisagens moldadas a esta ind\u00fastria, que acaba por ser o ganha-p\u00e3o de muitas<br \/>\nfam\u00edlias e o impulsionador do turismo da regi\u00e3o.<\/p>\n<div class=\"embed-responsive embed-responsive-16by9\"><iframe loading=\"lazy\" class=\"embed-responsive-item\" src=\"https:\/\/www.youtube.com\/embed\/GU5kF7Gu7Ek\" width=\"300\" height=\"150\" data-mce-fragment=\"1\"><\/iframe><\/div>\n<p>Mas para se chegar ao desenlace da 81\u00aa edi\u00e7\u00e3o da Volta, h\u00e1 que percorrer as mais belas estradas<br \/>\nde Portugal e nesse departamento h\u00e1 muito por onde escolher, se quisermos fazer um pequeno tour<br \/>\nde bicicleta pelo pa\u00eds, atrav\u00e9s de alguns itiner\u00e1rios da Volta.<\/p>\n<h3>PR\u00d3LOGO \u2013 VISEU<\/h3>\n<p>A nossa escolha recai na zona hist\u00f3rica da cidade de Viseu, intitulada \u2018A Melhor Cidade Para Viver\u2019,<br \/>\nengrandecida pelo seu patrim\u00f3nio edificado, Igrejas e Capelas, os Museus Almeida Moreira e Gr\u00e3o<br \/>\nVasco, o Miradouro, os jardins da Pra\u00e7a da Rep\u00fablica e o Parque Aquilino Ribeiro, passando pelas<br \/>\nsaborosas tasquinhas ou as iguarias do famoso restaurante O Corti\u00e7o.<\/p>\n<h3><img decoding=\"async\" src=\"https:\/\/portugalbiketours.com\/admin\/img\/contents\/wysiwyg\/HelenaDias-8231_Viseu_(Pr%C3%B3logo)1.jpg\" alt=\"\" \/><\/h3>\n<h3>ETAPA 1 \u2013 MIRANDA DO CORVO \/ LEIRIA<\/h3>\n<p>Nesta etapa, seleccionamos a Serra da Lous\u00e3, onde podemos vislumbrar um grupo de bel\u00edssimas e<br \/>\npequenas Aldeias do Xisto: Aigra Nova, Aigra Velha, Candal, Casal de S\u00e3o Sim\u00e3o, Casal Novo,<br \/>\nCerdeira, Chiqueiro, Comareira, Ferraria de S\u00e3o Jo\u00e3o, Gondramaz, Pena e Talasnal. Nestas aldeias,<br \/>\nque parecem paradas no tempo, revestidas a xisto e quartzito, perdemo-nos no encanto e magia da<br \/>\nsua fauna e flora, das zonas escarpadas e das pedras esculpidas nas fachadas de algumas casas.<\/p>\n<h3>ETAPA 2 \u2013 MARINHA GRANDE \/ LOURES<\/h3>\n<p>A segunda etapa em linha ir\u00e1 passar por Bucelas, que nos leva uma vez mais aos aromas e sabores<br \/>\ndo vinho, n\u00e3o fosse ela uma das regi\u00f5es vitivin\u00edcolas mais conhecidas do pa\u00eds, n\u00e3o esquecendo a<br \/>\nsua gastronomia, tradicionalmente servida em restaurantes como o Barrete Saloio ou o Ch\u00e3o do<br \/>\nPrado, que repousa aos p\u00e9s da vinha a servir de paisagem. Culturalmente, temos as visitas<br \/>\nobrigat\u00f3rias ao Museu do Vinho e da Vinha e \u00e0 Igreja Matriz, dona de uma riqueza interior que<br \/>\nremonta ao s\u00e9culo XVI.<\/p>\n<h3>ETAPA 3 \u2013 SANTAR\u00c9M \/ CASTELO BRANCO<\/h3>\n<p>Entre Santar\u00e9m e Castelo Branco, n\u00e3o h\u00e1 como n\u00e3o parar em Vila Velha de R\u00f3d\u00e3o, conhecida pelos<br \/>\nseus espa\u00e7os museol\u00f3gicos dedicados \u00e0 arte rupestre, ao linho e tecelagem, at\u00e9 \u00e0 produ\u00e7\u00e3o do<br \/>\nazeite. Al\u00e9m da parte cultural, se subirmos ao Castelo podemos desfrutar de uma vista deslumbrante<br \/>\nsobre o Rio Tejo.<\/p>\n<h3>ETAPA 4 \u2013 PAMPILHOSA DA SERRA \/ ALTO DA TORRE<\/h3>\n<p>O Alto da Torre dispensa apresenta\u00e7\u00f5es. Situado na Serra da Estrela, ali pedala-se em altitude, mas<br \/>\nn\u00e3o s\u00f3\u2026 esta \u00e9 a serra que guarda no seu seio o segredo do mais famoso queijo de ovelha, com<br \/>\ndenomina\u00e7\u00e3o de origem controlada e sendo dos mais antigos em men\u00e7\u00f5es liter\u00e1rias, como no s\u00e9c.<br \/>\nXVI por Gil Vicente. Os enchidos, o mel e os doces tradicionais tamb\u00e9m preenchem uma mesa<br \/>\nrequintada de sabores. Al\u00e9m disso, \u00e9 uma das sub-regi\u00f5es do D\u00e3o com caracter\u00edsticas especiais,<br \/>\ninfluenciadas pela altitude, que fazem com que os seus vinhos tenham caracter\u00edsticas muito pr\u00f3prias.<\/p>\n<h3>ETAPA 5 \u2013 OLIVEIRA DO HOSPITAL \/ GUARDA<\/h3>\n<p>Entre os diversos locais por onde ir\u00e1 passar a quinta etapa, prendemos a nossa aten\u00e7\u00e3o na vila de<br \/>\nCanas de Senhorim, em Nelas, pois oferece todo um recanto tipicamente rural para quem gosta da<br \/>\nenvolv\u00eancia das paisagens r\u00fasticas, das casas beir\u00e3s e gran\u00edticas aos pavimentos empedrados das<br \/>\nruas. Entre os prazeres gastron\u00f3micos, s\u00e3o imperd\u00edveis os Travesseiros de S\u00e3o Jo\u00e3o e o Pato \u00e0<br \/>\nModa da Beira.<\/p>\n<h3>ETAPA 6 \u2013 TORRE DE MONCORVO \/ BRAGAN\u00c7A<\/h3>\n<p>Na sexta etapa deparamo-nos com uma paisagem de suster a respira\u00e7\u00e3o, o Parque Natural do<br \/>\nDouro Internacional. Numa \u00e1rea protegida de cerca de 29 esp\u00e9cies de fauna e flora, poucas palavras<br \/>\nexistem para descrever o que a natureza oferece em cerca de 87000 hectares de um vale localizado<br \/>\nnas margens que separam Portugal e Espanha.<\/p>\n<h3>ETAPA 7 \u2013 BRAGAN\u00c7A \/ SERRA DO LAROUCO<\/h3>\n<p>A Serra do Larouco, em Montalegre, come\u00e7a a torna-se num ponto essencial da Volta a Portugal e,<br \/>\npor essa raz\u00e3o, n\u00e3o podemos deixar de lado a sua escolha. Do alto dos seus 1527 metros de\u00a0altitude, vislumbramos um horizonte paisag\u00edstico sem fim, com vista para os vales dos rios Lima,T\u00e2mega, C\u00e1vado e Rabag\u00e3o, al\u00e9m de diversas aldeias, a vila de Montalegre e a vizinha Galiza.<\/p>\n<h3>ETAPA 8 \u2013 VIANA DO CASTELO \/ FELGUEIRAS<\/h3>\n<p>Em Felgueiras, h\u00e1 um recanto de sonho chamado Pa\u00e7o de Pombeiro. Classificado como Monumento<br \/>\nde Interesse P\u00fablico, para se chegar a este Pa\u00e7o Senhorial, de tra\u00e7ado arquitect\u00f3nico manuelino, h\u00e1<br \/>\nque percorrer a antiga Rua do Burgo. As vinhas e os campos cultivados d\u00e3o um ar familiar ao redor<br \/>\nda casa, que mant\u00e9m as suas caracter\u00edsticas rurais para albergar os turistas de forma mais intimista.<\/p>\n<h3><img decoding=\"async\" src=\"https:\/\/portugalbiketours.com\/admin\/img\/contents\/wysiwyg\/HelenaDias-4225_Sra._da_Gra%C3%A7a_(Et9)_1.jpg\" alt=\"\" \/><\/h3>\n<h3>ETAPA 9 \u2013 FAFE \/ SRA. DA GRA\u00c7A<\/h3>\n<p>O Santu\u00e1rio de Nossa Senhora da Gra\u00e7a no alto do Monte Farinha, em Mondim de Basto, representa<br \/>\numa das chegadas m\u00edticas da Volta a Portugal. Mas o munic\u00edpio tem muito mais para oferecer a<br \/>\nquem o visita, como as Aldeias de Montanha, embutidas nas montanhas como o pr\u00f3prio nome indica.<br \/>\nNa gastronomia sobressai a Posta Maronesa ou o Cabrito Assado no Forno, o P\u00e3o-de-l\u00f3 H\u00famido e<br \/>\nos Vinhos Verdes de Mondim, provenientes das encostas do vale do T\u00e2mega.<\/p>\n<p>&nbsp;<\/p>\n<p>Para conhecer mais acerca desta prova \u00e9pica, visite\u00a0<a href=\"https:\/\/www.volta-portugal.com\/\" target=\"_blank\" rel=\"noopener noreferrer\">https:\/\/www.volta-portugal.com<\/a><\/p>\n<p>&nbsp;<\/p>\n","protected":false},"excerpt":{"rendered":"<p>A &#8220;Grand Boucle&#8221; Portuguesa, a &#8220;Volta a Portugal&#8221; \u00e9 a prova de ciclismo de estrada com maior dura\u00e7\u00e3o e import\u00e2ncia no nosso pa\u00eds. \u00c9 uma corrida lend\u00e1ria para todos os f\u00e3s de ciclismo Portugueses e, para n\u00f3s, uma fonte de inspira\u00e7\u00e3o para desenhar nova tours de bicicleta em Portugal. Aqui ficam algumas das nossas estradsa [&hellip;]<\/p>\n","protected":false},"author":1,"featured_media":2983,"comment_status":"open","ping_status":"open","sticky":false,"template":"","format":"standard","meta":{"_acf_changed":false,"_seopress_robots_primary_cat":"none","_seopress_titles_title":"","_seopress_titles_desc":"","_seopress_robots_index":"","_breakdance_hide_in_design_set":false,"_breakdance_tags":"","footnotes":""},"categories":[42],"tags":[],"class_list":["post-2978","post","type-post","status-publish","format-standard","has-post-thumbnail","hentry","category-posts"],"acf":[],"_links":{"self":[{"href":"https:\/\/portugalbiketours.com\/pt-pt\/wp-json\/wp\/v2\/posts\/2978","targetHints":{"allow":["GET"]}}],"collection":[{"href":"https:\/\/portugalbiketours.com\/pt-pt\/wp-json\/wp\/v2\/posts"}],"about":[{"href":"https:\/\/portugalbiketours.com\/pt-pt\/wp-json\/wp\/v2\/types\/post"}],"author":[{"embeddable":true,"href":"https:\/\/portugalbiketours.com\/pt-pt\/wp-json\/wp\/v2\/users\/1"}],"replies":[{"embeddable":true,"href":"https:\/\/portugalbiketours.com\/pt-pt\/wp-json\/wp\/v2\/comments?post=2978"}],"version-history":[{"count":0,"href":"https:\/\/portugalbiketours.com\/pt-pt\/wp-json\/wp\/v2\/posts\/2978\/revisions"}],"wp:featuredmedia":[{"embeddable":true,"href":"https:\/\/portugalbiketours.com\/pt-pt\/wp-json\/wp\/v2\/media\/2983"}],"wp:attachment":[{"href":"https:\/\/portugalbiketours.com\/pt-pt\/wp-json\/wp\/v2\/media?parent=2978"}],"wp:term":[{"taxonomy":"category","embeddable":true,"href":"https:\/\/portugalbiketours.com\/pt-pt\/wp-json\/wp\/v2\/categories?post=2978"},{"taxonomy":"post_tag","embeddable":true,"href":"https:\/\/portugalbiketours.com\/pt-pt\/wp-json\/wp\/v2\/tags?post=2978"}],"curies":[{"name":"wp","href":"https:\/\/api.w.org\/{rel}","templated":true}]}}